{"id":10,"date":"2022-03-07T17:20:57","date_gmt":"2022-03-07T16:20:57","guid":{"rendered":"http:\/\/crechetournesol.com\/?p=10"},"modified":"2023-01-17T23:59:29","modified_gmt":"2023-01-17T22:59:29","slug":"exemple-de-page-1","status":"publish","type":"post","link":"http:\/\/www.crechetournesol.com\/index.php\/2022\/03\/07\/exemple-de-page-1\/","title":{"rendered":"Notre concept"},"content":{"rendered":"\n<figure class=\"wp-block-gallery alignleft has-nested-images columns-default is-cropped wp-block-gallery-1 is-layout-flex wp-block-gallery-is-layout-flex\">\n<figure class=\"wp-block-image size-full\"><img loading=\"lazy\" decoding=\"async\" width=\"500\" height=\"750\" data-id=\"76\" src=\"http:\/\/www.crechetournesol.com\/wp-content\/uploads\/2022\/03\/bebe-tire-la-langue-pexels-photo-5792930.jpeg\" alt=\"\" class=\"wp-image-76\" srcset=\"http:\/\/www.crechetournesol.com\/wp-content\/uploads\/2022\/03\/bebe-tire-la-langue-pexels-photo-5792930.jpeg 500w, http:\/\/www.crechetournesol.com\/wp-content\/uploads\/2022\/03\/bebe-tire-la-langue-pexels-photo-5792930-200x300.jpeg 200w\" sizes=\"auto, (max-width: 500px) 100vw, 500px\" \/><\/figure>\n<\/figure>\n\n\n\n<p class=\"has-drop-cap\">Faire profiter aux enfants d\u00e8s le plus jeune \u00e2ge des ressources incroyables des personnes extraordinaires. Les cr\u00e8ches Tournesol proposent des activit\u00e9s pens\u00e9es et adapt\u00e9es pour l\u2019animateur en situation de handicap et parfaitement ludiques pour favoriser l\u2019\u00e9veil des enfants.<\/p>\n\n\n\n<p>Les cr\u00e8ches Tournesol proposent des emplois ajust\u00e9s, \u00e0 ceux qui en sont le plus \u00e9loign\u00e9s.<\/p>\n\n\n\n<p><\/p>\n\n\n\n<p>De plus, nous accompagnons tous les nouveaux recrut\u00e9s dans l\u2019obtention de leur dipl\u00f4me. Ainsi notre recrue extraordinaire voit son poste de travail s\u2019adapter au rythme de son \u00e9volution, ses savoir-faire et ses connaissances. Nos salari\u00e9s ont une r\u00e9elle \u00e9volution de carri\u00e8re.<\/p>\n\n\n\n<p>Apprendre sur le terrain pour une r\u00e9ussite garantie.\u00a0<\/p>\n\n\n\n<p><\/p>\n\n\n\n<p><strong>Contactez nous pour plus d&rsquo;information et inscription : <a href=\"mailto:charlotte@crechetournesol.com\" target=\"_blank\" rel=\"noreferrer noopener\">charlotte@crechetournesol.com<\/a><\/strong><\/p>\n","protected":false},"excerpt":{"rendered":"<p>Faire profiter aux enfants d\u00e8s le plus jeune \u00e2ge des ressources incroyables des personnes extraordinaires. Les cr\u00e8ches Tournesol proposent des activit\u00e9s pens\u00e9es et adapt\u00e9es pour l\u2019animateur en situation de handicap et parfaitement ludiques pour favoriser l\u2019\u00e9veil des enfants. Les cr\u00e8ches &hellip; <\/p>\n","protected":false},"author":1,"featured_media":0,"comment_status":"open","ping_status":"open","sticky":false,"template":"","format":"aside","meta":{"footnotes":""},"categories":[1],"tags":[],"class_list":["post-10","post","type-post","status-publish","format-aside","hentry","category-non-classe","post_format-post-format-aside"],"_links":{"self":[{"href":"http:\/\/www.crechetournesol.com\/index.php\/wp-json\/wp\/v2\/posts\/10","targetHints":{"allow":["GET"]}}],"collection":[{"href":"http:\/\/www.crechetournesol.com\/index.php\/wp-json\/wp\/v2\/posts"}],"about":[{"href":"http:\/\/www.crechetournesol.com\/index.php\/wp-json\/wp\/v2\/types\/post"}],"author":[{"embeddable":true,"href":"http:\/\/www.crechetournesol.com\/index.php\/wp-json\/wp\/v2\/users\/1"}],"replies":[{"embeddable":true,"href":"http:\/\/www.crechetournesol.com\/index.php\/wp-json\/wp\/v2\/comments?post=10"}],"version-history":[{"count":5,"href":"http:\/\/www.crechetournesol.com\/index.php\/wp-json\/wp\/v2\/posts\/10\/revisions"}],"predecessor-version":[{"id":92,"href":"http:\/\/www.crechetournesol.com\/index.php\/wp-json\/wp\/v2\/posts\/10\/revisions\/92"}],"wp:attachment":[{"href":"http:\/\/www.crechetournesol.com\/index.php\/wp-json\/wp\/v2\/media?parent=10"}],"wp:term":[{"taxonomy":"category","embeddable":true,"href":"http:\/\/www.crechetournesol.com\/index.php\/wp-json\/wp\/v2\/categories?post=10"},{"taxonomy":"post_tag","embeddable":true,"href":"http:\/\/www.crechetournesol.com\/index.php\/wp-json\/wp\/v2\/tags?post=10"}],"curies":[{"name":"wp","href":"https:\/\/api.w.org\/{rel}","templated":true}]}}